{"id":2835,"date":"2025-11-11T16:55:30","date_gmt":"2025-11-11T15:55:30","guid":{"rendered":"https:\/\/museedujeu.ch\/actualite\/derib-im-schloss-von-la-tour-de-peilz\/"},"modified":"2025-11-11T17:13:26","modified_gmt":"2025-11-11T16:13:26","slug":"derib-im-schloss-von-la-tour-de-peilz","status":"publish","type":"news","link":"https:\/\/museedujeu.ch\/de\/actualite\/derib-im-schloss-von-la-tour-de-peilz\/","title":{"rendered":"Derib im Schloss von La Tour-de-Peilz"},"content":{"rendered":"\n<p>Das MSJ beherbergt in seinem Empfangsraum eine <a href=\"https:\/\/www.la-tour-de-peilz.ch\/agenda-boeland\/agenda-prw-t.php?id_agenda=1283\" target=\"_blank\" rel=\"noreferrer noopener\">au\u00dfergew\u00f6hnliche Ausstellung, die dem boel\u00e4ndischen K\u00fcnstler  <strong>Derib<\/strong> gewidmet<\/a> ist, der eine unumg\u00e4ngliche Figur in der franko-belgischen Comicwelt ist.<\/p>\n\n<p><strong>Derib<\/strong> ist ein sehr sensibler Zeichner, der sich mit seinem realistischen, von Menschlichkeit gepr\u00e4gten Stil als einer der gro\u00dfen Meister der neunten Kunst etabliert hat. Seine Werke, die von einer tiefen Aufmerksamkeit f\u00fcr die Charaktere, die Natur und die universellen Werte gepr\u00e4gt sind, haben mehrere Generationen von Leserinnen und Lesern begleitet. <\/p>\n\n<p>Er ist ein sehr produktiver Autor und hat mehr als hundert Alben f\u00fcr Kinder<em>(Yakari, Pythagoras, Attila<\/em>) und Erwachsene<em>(Buddy Longway, Celui qui est n\u00e9 deux fois, Jo, Sandra<\/em>, etc.) geschrieben, immer mit der gleichen Konsequenz im Ton und der gleichen Verbundenheit mit menschlichen Werten.<\/p>\n\n<p><strong>Vom 20. bis 30. November 2025<\/strong> k\u00f6nnen Sie diese Ausstellung sehen, die in Zusammenarbeit mit <strong>Arnaud Derib<\/strong>, seinem Sohn, realisiert wurde. Tauchen Sie ein in eine sensible und \u00fcppige Welt, mit Originaltafeln, unver\u00f6ffentlichten Zeichnungen und gro\u00dfformatigen Reproduktionen. <\/p>\n\n<ul class=\"wp-block-list\">\n<li><strong>Vernissage: Donnerstag, 20. November um 19 Uhr<\/strong><\/li>\n\n\n\n<li><strong>Finissage: Samstag, 29. November um 15 Uhr<\/strong><\/li>\n<\/ul>\n\n<div style=\"height:40px\" aria-hidden=\"true\" class=\"wp-block-spacer\"><\/div>\n\n<p><em><strong>Veranstalter :<\/strong> <a href=\"https:\/\/www.la-tour-de-peilz.ch\/administration\/cpages.php?id_page_b=5\" target=\"_blank\" rel=\"noreferrer noopener\">Affaires culturelles - Stadt La Tour-de-Peilz<\/a><\/em><\/p>\n","protected":false},"template":"","type_news":[],"class_list":["post-2835","news","type-news","status-publish","hentry"],"acf":[],"yoast_head":"<!-- This site is optimized with the Yoast SEO plugin v27.4 - https:\/\/yoast.com\/product\/yoast-seo-wordpress\/ -->\n<title>Derib im Schloss von La Tour-de-Peilz | Mus\u00e9e Suisse du Jeu<\/title>\n<meta name=\"robots\" content=\"index, follow, max-snippet:-1, max-image-preview:large, max-video-preview:-1\" \/>\n<link rel=\"canonical\" href=\"https:\/\/museedujeu.ch\/de\/actualite\/derib-im-schloss-von-la-tour-de-peilz\/\" \/>\n<meta property=\"og:locale\" content=\"de_DE\" \/>\n<meta property=\"og:type\" content=\"article\" \/>\n<meta property=\"og:title\" content=\"DERIB - Ausstellung 60 Jahre Zeichnen\" \/>\n<meta property=\"og:description\" content=\"Das MSJ beherbergt in seinem Empfangsraum eine au\u00dfergew\u00f6hnliche Ausstellung, die Derib, einer unumg\u00e4nglichen Figur des franko-belgischen Comics, gewidmet ist.\" \/>\n<meta property=\"og:url\" content=\"https:\/\/museedujeu.ch\/de\/actualite\/derib-im-schloss-von-la-tour-de-peilz\/\" \/>\n<meta property=\"og:site_name\" content=\"Mus\u00e9e Suisse du Jeu\" \/>\n<meta property=\"article:publisher\" content=\"https:\/\/www.facebook.com\/museesuissedujeu\" \/>\n<meta property=\"article:modified_time\" content=\"2025-11-11T16:13:26+00:00\" \/>\n<meta property=\"og:image\" content=\"https:\/\/museedujeu.ch\/wp-content\/uploads\/2025\/11\/derib-1200x630-1-1024x538.png\" \/>\n<meta name=\"twitter:card\" content=\"summary_large_image\" \/>\n<meta name=\"twitter:label1\" content=\"Gesch\u00e4tzte Lesezeit\" \/>\n\t<meta name=\"twitter:data1\" content=\"1\u00a0Minute\" \/>\n<script type=\"application\/ld+json\" class=\"yoast-schema-graph\">{\"@context\":\"https:\\\/\\\/schema.org\",\"@graph\":[{\"@type\":\"WebPage\",\"@id\":\"https:\\\/\\\/museedujeu.ch\\\/de\\\/actualite\\\/derib-im-schloss-von-la-tour-de-peilz\\\/\",\"url\":\"https:\\\/\\\/museedujeu.ch\\\/de\\\/actualite\\\/derib-im-schloss-von-la-tour-de-peilz\\\/\",\"name\":\"Derib im Schloss von La Tour-de-Peilz | Mus\u00e9e Suisse du Jeu\",\"isPartOf\":{\"@id\":\"https:\\\/\\\/museedujeu.ch\\\/de\\\/#website\"},\"datePublished\":\"2025-11-11T15:55:30+00:00\",\"dateModified\":\"2025-11-11T16:13:26+00:00\",\"breadcrumb\":{\"@id\":\"https:\\\/\\\/museedujeu.ch\\\/de\\\/actualite\\\/derib-im-schloss-von-la-tour-de-peilz\\\/#breadcrumb\"},\"inLanguage\":\"de\",\"potentialAction\":[{\"@type\":\"ReadAction\",\"target\":[\"https:\\\/\\\/museedujeu.ch\\\/de\\\/actualite\\\/derib-im-schloss-von-la-tour-de-peilz\\\/\"]}]},{\"@type\":\"BreadcrumbList\",\"@id\":\"https:\\\/\\\/museedujeu.ch\\\/de\\\/actualite\\\/derib-im-schloss-von-la-tour-de-peilz\\\/#breadcrumb\",\"itemListElement\":[{\"@type\":\"ListItem\",\"position\":1,\"name\":\"Accueil\",\"item\":\"https:\\\/\\\/museedujeu.ch\\\/de\\\/startseite\\\/\"},{\"@type\":\"ListItem\",\"position\":2,\"name\":\"Actualit\u00e9s\",\"item\":\"https:\\\/\\\/museedujeu.ch\\\/de\\\/actualite\\\/\"},{\"@type\":\"ListItem\",\"position\":3,\"name\":\"Derib im Schloss von La Tour-de-Peilz\"}]},{\"@type\":\"WebSite\",\"@id\":\"https:\\\/\\\/museedujeu.ch\\\/de\\\/#website\",\"url\":\"https:\\\/\\\/museedujeu.ch\\\/de\\\/\",\"name\":\"Mus\u00e9e Suisse du jeu\",\"description\":\"Voyage ludique et fascinant dans le monde des jeux\",\"publisher\":{\"@id\":\"https:\\\/\\\/museedujeu.ch\\\/de\\\/#organization\"},\"alternateName\":\"MSJ\",\"potentialAction\":[{\"@type\":\"SearchAction\",\"target\":{\"@type\":\"EntryPoint\",\"urlTemplate\":\"https:\\\/\\\/museedujeu.ch\\\/de\\\/?s={search_term_string}\"},\"query-input\":{\"@type\":\"PropertyValueSpecification\",\"valueRequired\":true,\"valueName\":\"search_term_string\"}}],\"inLanguage\":\"de\"},{\"@type\":\"Organization\",\"@id\":\"https:\\\/\\\/museedujeu.ch\\\/de\\\/#organization\",\"name\":\"Mus\u00e9e Suisse du jeu\",\"alternateName\":\"MSJ\",\"url\":\"https:\\\/\\\/museedujeu.ch\\\/de\\\/\",\"logo\":{\"@type\":\"ImageObject\",\"inLanguage\":\"de\",\"@id\":\"https:\\\/\\\/museedujeu.ch\\\/de\\\/#\\\/schema\\\/logo\\\/image\\\/\",\"url\":\"https:\\\/\\\/museedujeu.321dev.ch\\\/wp-content\\\/uploads\\\/2024\\\/01\\\/favicon..png\",\"contentUrl\":\"https:\\\/\\\/museedujeu.321dev.ch\\\/wp-content\\\/uploads\\\/2024\\\/01\\\/favicon..png\",\"width\":512,\"height\":512,\"caption\":\"Mus\u00e9e Suisse du jeu\"},\"image\":{\"@id\":\"https:\\\/\\\/museedujeu.ch\\\/de\\\/#\\\/schema\\\/logo\\\/image\\\/\"},\"sameAs\":[\"https:\\\/\\\/www.facebook.com\\\/museesuissedujeu\",\"https:\\\/\\\/www.instagram.com\\\/museesuissedujeu\\\/\"]}]}<\/script>\n<!-- \/ Yoast SEO plugin. -->","yoast_head_json":{"title":"Derib im Schloss von La Tour-de-Peilz | Mus\u00e9e Suisse du Jeu","robots":{"index":"index","follow":"follow","max-snippet":"max-snippet:-1","max-image-preview":"max-image-preview:large","max-video-preview":"max-video-preview:-1"},"canonical":"https:\/\/museedujeu.ch\/de\/actualite\/derib-im-schloss-von-la-tour-de-peilz\/","og_locale":"de_DE","og_type":"article","og_title":"DERIB - Ausstellung 60 Jahre Zeichnen","og_description":"Das MSJ beherbergt in seinem Empfangsraum eine au\u00dfergew\u00f6hnliche Ausstellung, die Derib, einer unumg\u00e4nglichen Figur des franko-belgischen Comics, gewidmet ist.","og_url":"https:\/\/museedujeu.ch\/de\/actualite\/derib-im-schloss-von-la-tour-de-peilz\/","og_site_name":"Mus\u00e9e Suisse du Jeu","article_publisher":"https:\/\/www.facebook.com\/museesuissedujeu","article_modified_time":"2025-11-11T16:13:26+00:00","og_image":[{"url":"https:\/\/museedujeu.ch\/wp-content\/uploads\/2025\/11\/derib-1200x630-1-1024x538.png","type":"","width":"","height":""}],"twitter_card":"summary_large_image","twitter_misc":{"Gesch\u00e4tzte Lesezeit":"1\u00a0Minute"},"schema":{"@context":"https:\/\/schema.org","@graph":[{"@type":"WebPage","@id":"https:\/\/museedujeu.ch\/de\/actualite\/derib-im-schloss-von-la-tour-de-peilz\/","url":"https:\/\/museedujeu.ch\/de\/actualite\/derib-im-schloss-von-la-tour-de-peilz\/","name":"Derib im Schloss von La Tour-de-Peilz | Mus\u00e9e Suisse du Jeu","isPartOf":{"@id":"https:\/\/museedujeu.ch\/de\/#website"},"datePublished":"2025-11-11T15:55:30+00:00","dateModified":"2025-11-11T16:13:26+00:00","breadcrumb":{"@id":"https:\/\/museedujeu.ch\/de\/actualite\/derib-im-schloss-von-la-tour-de-peilz\/#breadcrumb"},"inLanguage":"de","potentialAction":[{"@type":"ReadAction","target":["https:\/\/museedujeu.ch\/de\/actualite\/derib-im-schloss-von-la-tour-de-peilz\/"]}]},{"@type":"BreadcrumbList","@id":"https:\/\/museedujeu.ch\/de\/actualite\/derib-im-schloss-von-la-tour-de-peilz\/#breadcrumb","itemListElement":[{"@type":"ListItem","position":1,"name":"Accueil","item":"https:\/\/museedujeu.ch\/de\/startseite\/"},{"@type":"ListItem","position":2,"name":"Actualit\u00e9s","item":"https:\/\/museedujeu.ch\/de\/actualite\/"},{"@type":"ListItem","position":3,"name":"Derib im Schloss von La Tour-de-Peilz"}]},{"@type":"WebSite","@id":"https:\/\/museedujeu.ch\/de\/#website","url":"https:\/\/museedujeu.ch\/de\/","name":"Mus\u00e9e Suisse du jeu","description":"Voyage ludique et fascinant dans le monde des jeux","publisher":{"@id":"https:\/\/museedujeu.ch\/de\/#organization"},"alternateName":"MSJ","potentialAction":[{"@type":"SearchAction","target":{"@type":"EntryPoint","urlTemplate":"https:\/\/museedujeu.ch\/de\/?s={search_term_string}"},"query-input":{"@type":"PropertyValueSpecification","valueRequired":true,"valueName":"search_term_string"}}],"inLanguage":"de"},{"@type":"Organization","@id":"https:\/\/museedujeu.ch\/de\/#organization","name":"Mus\u00e9e Suisse du jeu","alternateName":"MSJ","url":"https:\/\/museedujeu.ch\/de\/","logo":{"@type":"ImageObject","inLanguage":"de","@id":"https:\/\/museedujeu.ch\/de\/#\/schema\/logo\/image\/","url":"https:\/\/museedujeu.321dev.ch\/wp-content\/uploads\/2024\/01\/favicon..png","contentUrl":"https:\/\/museedujeu.321dev.ch\/wp-content\/uploads\/2024\/01\/favicon..png","width":512,"height":512,"caption":"Mus\u00e9e Suisse du jeu"},"image":{"@id":"https:\/\/museedujeu.ch\/de\/#\/schema\/logo\/image\/"},"sameAs":["https:\/\/www.facebook.com\/museesuissedujeu","https:\/\/www.instagram.com\/museesuissedujeu\/"]}]}},"_links":{"self":[{"href":"https:\/\/museedujeu.ch\/de\/wp-json\/wp\/v2\/news\/2835","targetHints":{"allow":["GET"]}}],"collection":[{"href":"https:\/\/museedujeu.ch\/de\/wp-json\/wp\/v2\/news"}],"about":[{"href":"https:\/\/museedujeu.ch\/de\/wp-json\/wp\/v2\/types\/news"}],"wp:attachment":[{"href":"https:\/\/museedujeu.ch\/de\/wp-json\/wp\/v2\/media?parent=2835"}],"wp:term":[{"taxonomy":"type_news","embeddable":true,"href":"https:\/\/museedujeu.ch\/de\/wp-json\/wp\/v2\/type_news?post=2835"}],"curies":[{"name":"wp","href":"https:\/\/api.w.org\/{rel}","templated":true}]}}